{"id":3270,"date":"2024-03-04T15:14:20","date_gmt":"2024-03-04T14:14:20","guid":{"rendered":"http:\/\/elzbietanska.pl\/?p=3270"},"modified":"2024-06-03T20:19:23","modified_gmt":"2024-06-03T18:19:23","slug":"poniedzialki-z-amuz-u-oblatow-organy-w-roli-glownej","status":"publish","type":"post","link":"http:\/\/elzbietanska.pl\/index.php\/2024\/03\/04\/poniedzialki-z-amuz-u-oblatow-organy-w-roli-glownej\/","title":{"rendered":"&#8222;Organy w roli g\u0142\u00f3wnej&#8221;, czyli aMuz u Oblat\u00f3w."},"content":{"rendered":"<div id=\"page-header\" class=\"header-style-light\" data-imgready=\"true\">\n<div class=\"header-basic style-light\">\n<div class=\"background-element header-wrapper style-color-xsdn-bg header-only-text\" data-height=\"5\">\n<div class=\"header-main-container limit-width\">\n<div class=\"header-content header-center header-middle header-align-left\">\n<div class=\"header-content-inner\">\n<h1 class=\"header-title font-185623 h3\">Serdecznie zapraszamy <strong>28 maja o godz. 19.00<\/strong> na koncert pt.:\u201dOrgany w roli g\u0142\u00f3wnej<strong>\u201d<\/strong>,\u00a0 realizowany w ramach wsp\u00f3\u0142pracy z Katedr\u0105 Organ\u00f3w, Klawesynu, Akordeonu, Gitary, Harfy i Instrument\u00f3w Historycznych Akademii Muzycznej w Gda\u0144sku .<\/h1>\n<\/div>\n<\/div>\n<\/div>\n<\/div>\n<\/div>\n<\/div>\n<article id=\"post-3167\" class=\"page-body style-light-bg post-3167 post type-post status-publish format-standard has-post-thumbnail hentry category-aktualnosci\">\n<div class=\"post-wrapper\">\n<div class=\"post-body\">\n<div class=\"post-content un-no-sidebar-layout\">\n<div class=\"row-container\">\n<div class=\"row row-parent style-light limit-width double-top-padding double-bottom-padding\">\n<p><strong>Wykonawcy:<\/strong><\/p>\n<p>Jakub Bornikowski \u2013 organy<br \/>\nKacper Karczy\u0144ski \u2013 organy<br \/>\nOskar Maj \u2013 organy<br \/>\nDominik Mendak \u2013 organy<br \/>\nFilip Wo\u017aniak \u2013 organy<br \/>\nMiko\u0142aj Skopek \u2013 akordeon<br \/>\nDaniel Zawistowski \u2013 akordeon<br \/>\nDorota Grzegorzewska \u2013 mezzosopran<br \/>\nAnna Ciecholewska \u2013 skrzypce<br \/>\n<strong>W programie:<\/strong><\/p>\n<div dir=\"auto\">1. J.S.Bach toccata i fuga dorycka BWV 538. Wykonawca Filip Wo\u017aniak (organy)<\/div>\n<div dir=\"auto\"><\/div>\n<div dir=\"auto\">2. Cesar Franck &#8222;Lied&#8221; wykonawcy Dominik Mendak (organy) i Dorota Grzegorzewska (mezzosopran)<\/div>\n<div dir=\"auto\"><\/div>\n<div dir=\"auto\">3. Dietrich Buxtehude Preludium in g Bux-WV 148 wykonawca: Jakub Bornikowski (organy)<\/div>\n<div dir=\"auto\"><\/div>\n<div dir=\"auto\">4. Feliks Nowowiejski Preludio Festivo z II symfonii organowej. Wykonawca: Dominik Mendak (organy)<\/div>\n<div dir=\"auto\">\n<p>5. Joseph Gabriel Rheinberger \u2013 Gigue op. 150\u00a0 wyk. Oskar Maj\u00a0 (organy)<\/p>\n<\/div>\n<div dir=\"auto\">6.Gustaw Adolf Merkel I sonata organowa d-moll cz. 2 adagio i cz. 3 fuga. Wykonawca Kacper Karczy\u0144ski (organy)<\/div>\n<div dir=\"auto\"><\/div>\n<div dir=\"auto\">7. Marco Enrico Bossi Intermezzi Goldoniani op. 127 nr 1 transc: Maciej Zakrzewski<\/div>\n<div dir=\"auto\">I. Preludio <span id=\"m_-5827051175137258197x_x_ms-outlook-android-cursor\"><\/span><\/div>\n<div dir=\"auto\">II. Minuetto<\/div>\n<div dir=\"auto\">III. Serenatina<\/div>\n<div dir=\"auto\">IV. Galiarda<\/div>\n<div dir=\"auto\">Wykonawcy: Filip Wo\u017aniak (organy)<\/div>\n<div dir=\"auto\">Miko\u0142aj Skopek -akordeon<\/div>\n<div dir=\"auto\">Daniel Zawistowski- akordeon<\/div>\n<div class=\"x11i5rnm xat24cr x1mh8g0r x1vvkbs xtlvy1s\"><strong>KONCERT ODB\u0118DZIE SI\u0118 W KO\u015aCIELE \u015aW. J\u00d3ZEFA<\/strong><br \/>\n<strong>WST\u0118P WOLNY<\/strong><\/div>\n<\/div>\n<\/div>\n<\/div>\n<\/div>\n<\/div>\n<\/article>\n","protected":false},"excerpt":{"rendered":"<p>Serdecznie zapraszamy 28 maja o godz. 19.00 na koncert pt.:\u201dOrgany w roli g\u0142\u00f3wnej\u201d,\u00a0 realizowany w ramach wsp\u00f3\u0142pracy z Katedr\u0105 Organ\u00f3w, [&hellip;]<\/p>\n","protected":false},"author":4,"featured_media":3280,"comment_status":"open","ping_status":"open","sticky":false,"template":"","format":"standard","meta":{"footnotes":""},"categories":[1],"tags":[],"class_list":["post-3270","post","type-post","status-publish","format-standard","has-post-thumbnail","hentry","category-aktualnosci"],"_links":{"self":[{"href":"http:\/\/elzbietanska.pl\/index.php\/wp-json\/wp\/v2\/posts\/3270","targetHints":{"allow":["GET"]}}],"collection":[{"href":"http:\/\/elzbietanska.pl\/index.php\/wp-json\/wp\/v2\/posts"}],"about":[{"href":"http:\/\/elzbietanska.pl\/index.php\/wp-json\/wp\/v2\/types\/post"}],"author":[{"embeddable":true,"href":"http:\/\/elzbietanska.pl\/index.php\/wp-json\/wp\/v2\/users\/4"}],"replies":[{"embeddable":true,"href":"http:\/\/elzbietanska.pl\/index.php\/wp-json\/wp\/v2\/comments?post=3270"}],"version-history":[{"count":4,"href":"http:\/\/elzbietanska.pl\/index.php\/wp-json\/wp\/v2\/posts\/3270\/revisions"}],"predecessor-version":[{"id":3273,"href":"http:\/\/elzbietanska.pl\/index.php\/wp-json\/wp\/v2\/posts\/3270\/revisions\/3273"}],"wp:featuredmedia":[{"embeddable":true,"href":"http:\/\/elzbietanska.pl\/index.php\/wp-json\/wp\/v2\/media\/3280"}],"wp:attachment":[{"href":"http:\/\/elzbietanska.pl\/index.php\/wp-json\/wp\/v2\/media?parent=3270"}],"wp:term":[{"taxonomy":"category","embeddable":true,"href":"http:\/\/elzbietanska.pl\/index.php\/wp-json\/wp\/v2\/categories?post=3270"},{"taxonomy":"post_tag","embeddable":true,"href":"http:\/\/elzbietanska.pl\/index.php\/wp-json\/wp\/v2\/tags?post=3270"}],"curies":[{"name":"wp","href":"https:\/\/api.w.org\/{rel}","templated":true}]}}