{"id":3287,"date":"2024-03-04T15:42:47","date_gmt":"2024-03-04T14:42:47","guid":{"rendered":"http:\/\/elzbietanska.pl\/?p=3287"},"modified":"2024-06-11T11:09:42","modified_gmt":"2024-06-11T09:09:42","slug":"najblizsze-wydarzenia-w-czerwcu-2024-r","status":"publish","type":"post","link":"http:\/\/elzbietanska.pl\/index.php\/2024\/03\/04\/najblizsze-wydarzenia-w-czerwcu-2024-r\/","title":{"rendered":"NAJBLI\u017bSZE WYDARZENIA W CZERWCU 2024 r."},"content":{"rendered":"<div>\n<div id=\"page-header\" class=\"header-style-light\" data-imgready=\"true\">\n<div class=\"header-basic style-light\">\n<div class=\"background-element header-wrapper style-color-xsdn-bg header-only-text\" data-height=\"5\">\n<div class=\"header-main-container limit-width\">\n<div class=\"header-content header-center header-middle header-align-left\">\n<div class=\"header-content-inner\">\n<h1 class=\"header-title font-185623 h3\">Zapraszamy do \u015bledzenia aktualno\u015bci, gdzie pojawi\u0105 si\u0119 szczeg\u00f3\u0142y dotycz\u0105ce wydarze\u0144 planowanych w czerwcu 2024 r.<\/h1>\n<\/div>\n<\/div>\n<\/div>\n<\/div>\n<\/div>\n<\/div>\n<p><strong>01.06<\/strong> \/ sobota<\/p>\n<p><strong>Koncert Zespo\u0142u Wokalnego Nuove Voci -\u201cFluentes soni\u201d<\/strong> \/ godz. 20.00<\/p>\n<p><strong>03.06<\/strong> \/ poniedzia\u0142ek<\/p>\n<p><strong>Koncert student\u00f3w Akademii Muzycznej<\/strong> \/ godz.19.00<\/p>\n<p><strong>08.06<\/strong> \/ sobota<\/p>\n<p><strong>Warsztaty Quillingowe<\/strong> \/ godz. 11.00-12.30<\/p>\n<p><strong>14.06<\/strong> \/pi\u0105tek<\/p>\n<p><strong>Wernisa\u017c wystawy Jolanty Ma\u0142ek<\/strong> \/ godz.19.00<\/p>\n<p><strong>15.06<\/strong> \/ sobota<\/p>\n<p><strong>Warsztaty Quillingowe<\/strong> \/ godz. 11.00-12.30<\/p>\n<p><strong> 15.06<\/strong> \/ sobota<\/p>\n<p><strong>Koncert w ramach Musica Sacra<\/strong> \/ godz. 19.30<\/p>\n<p><strong>23.06<\/strong> \/ niedziela<\/p>\n<p><strong>KONCERT\/GDA\u0143SKI SALON KULTURALNY<\/strong> \/ godz. 16.00<\/p>\n<p><strong>26.06 <\/strong>\/ \u015broda<\/p>\n<p><strong>Literacka \u015aroda Kresowiak\u00f3w<\/strong> \/ godz. 17.00<\/p>\n<p class=\"cvGsUA direction-ltr align-start para-style-body\"><span class=\"OYPEnA text-decoration-none text-strikethrough-none\"><strong>28.06<\/strong> <\/span><span class=\"OYPEnA text-decoration-none text-strikethrough-none\">\/pi\u0105tek<\/span><\/p>\n<p class=\"cvGsUA direction-ltr align-start para-style-body\"><strong><span class=\"OYPEnA text-decoration-none text-strikethrough-none\">Koncert w ramach Euro Chamber Music Festival<\/span><\/strong><span class=\"OYPEnA text-decoration-none text-strikethrough-none\"> \/ godz. 19.00<\/span><\/p>\n<p class=\"cvGsUA direction-ltr align-start para-style-body\"><strong><span class=\"OYPEnA text-decoration-none text-strikethrough-none\">29.06 <\/span><\/strong><span class=\"OYPEnA text-decoration-none text-strikethrough-none\">\/sobota<\/span><\/p>\n<p class=\"cvGsUA direction-ltr align-start para-style-body\"><strong><span class=\"OYPEnA text-decoration-none text-strikethrough-none\">Koncert w ramach Euro Chamber Music Festival<\/span><\/strong><span class=\"OYPEnA text-decoration-none text-strikethrough-none\"> \/ godz. 19.00<\/span><\/p>\n<p><strong>30.06<\/strong> \/ niedziela<\/p>\n<p><strong>We are the world &#8211; koncert charytatywny ch\u00f3ru Gda\u0144skiego Uniwersytetu Medycznego<\/strong> \/ godz. 19.00<\/p>\n<\/div>\n","protected":false},"excerpt":{"rendered":"<p>Zapraszamy do \u015bledzenia aktualno\u015bci, gdzie pojawi\u0105 si\u0119 szczeg\u00f3\u0142y dotycz\u0105ce wydarze\u0144 planowanych w czerwcu 2024 r. 01.06 \/ sobota Koncert Zespo\u0142u [&hellip;]<\/p>\n","protected":false},"author":4,"featured_media":3295,"comment_status":"open","ping_status":"open","sticky":false,"template":"","format":"standard","meta":{"footnotes":""},"categories":[1],"tags":[],"class_list":["post-3287","post","type-post","status-publish","format-standard","has-post-thumbnail","hentry","category-aktualnosci"],"_links":{"self":[{"href":"http:\/\/elzbietanska.pl\/index.php\/wp-json\/wp\/v2\/posts\/3287","targetHints":{"allow":["GET"]}}],"collection":[{"href":"http:\/\/elzbietanska.pl\/index.php\/wp-json\/wp\/v2\/posts"}],"about":[{"href":"http:\/\/elzbietanska.pl\/index.php\/wp-json\/wp\/v2\/types\/post"}],"author":[{"embeddable":true,"href":"http:\/\/elzbietanska.pl\/index.php\/wp-json\/wp\/v2\/users\/4"}],"replies":[{"embeddable":true,"href":"http:\/\/elzbietanska.pl\/index.php\/wp-json\/wp\/v2\/comments?post=3287"}],"version-history":[{"count":7,"href":"http:\/\/elzbietanska.pl\/index.php\/wp-json\/wp\/v2\/posts\/3287\/revisions"}],"predecessor-version":[{"id":3346,"href":"http:\/\/elzbietanska.pl\/index.php\/wp-json\/wp\/v2\/posts\/3287\/revisions\/3346"}],"wp:featuredmedia":[{"embeddable":true,"href":"http:\/\/elzbietanska.pl\/index.php\/wp-json\/wp\/v2\/media\/3295"}],"wp:attachment":[{"href":"http:\/\/elzbietanska.pl\/index.php\/wp-json\/wp\/v2\/media?parent=3287"}],"wp:term":[{"taxonomy":"category","embeddable":true,"href":"http:\/\/elzbietanska.pl\/index.php\/wp-json\/wp\/v2\/categories?post=3287"},{"taxonomy":"post_tag","embeddable":true,"href":"http:\/\/elzbietanska.pl\/index.php\/wp-json\/wp\/v2\/tags?post=3287"}],"curies":[{"name":"wp","href":"https:\/\/api.w.org\/{rel}","templated":true}]}}