{"id":2589,"date":"2023-06-26T17:15:32","date_gmt":"2023-06-26T15:15:32","guid":{"rendered":"http:\/\/elzbietanska.pl\/?p=2589"},"modified":"2023-07-03T11:43:27","modified_gmt":"2023-07-03T09:43:27","slug":"koncert-letnie-brzmienia-w-wykonaniu-przymorskiej-orkiestry-detej","status":"publish","type":"post","link":"https:\/\/elzbietanska.pl\/index.php\/2023\/06\/26\/koncert-letnie-brzmienia-w-wykonaniu-przymorskiej-orkiestry-detej\/","title":{"rendered":"KONCERT\/ LETNIE BRZMIENIA w wykonaniu Przymorskiej Orkiestry D\u0119tej."},"content":{"rendered":"<p>Serdecznie zapraszamy <strong>2 lipca o godz. 19.00 <\/strong>na koncert pt.: &#8222;LETNIE BRZMIENIA&#8221; w wykonaniu Przymorskiej Orkiestry D\u0119tej.<\/p>\n<p>W programie m.in.:<\/p>\n<div>\n<p>W programie m.in: Sway, Despacito, Pod niebem Pary\u017ca, Mi\u0142o\u015b\u0107 w Zakopanem.<\/p>\n<\/div>\n<p>KONCERT ODB\u0118DZIE SI\u0118 W SALI WIELOFUNKCYJNEJ<\/p>\n<p>WST\u0118P WOLNY<\/p>\n","protected":false},"excerpt":{"rendered":"<p>Serdecznie zapraszamy 2 lipca o godz. 19.00 na koncert pt.: &#8222;LETNIE BRZMIENIA&#8221; w wykonaniu Przymorskiej Orkiestry D\u0119tej. W programie m.in.: [&hellip;]<\/p>\n","protected":false},"author":4,"featured_media":2594,"comment_status":"open","ping_status":"open","sticky":false,"template":"","format":"standard","meta":{"footnotes":""},"categories":[1],"tags":[],"class_list":["post-2589","post","type-post","status-publish","format-standard","has-post-thumbnail","hentry","category-aktualnosci"],"_links":{"self":[{"href":"https:\/\/elzbietanska.pl\/index.php\/wp-json\/wp\/v2\/posts\/2589","targetHints":{"allow":["GET"]}}],"collection":[{"href":"https:\/\/elzbietanska.pl\/index.php\/wp-json\/wp\/v2\/posts"}],"about":[{"href":"https:\/\/elzbietanska.pl\/index.php\/wp-json\/wp\/v2\/types\/post"}],"author":[{"embeddable":true,"href":"https:\/\/elzbietanska.pl\/index.php\/wp-json\/wp\/v2\/users\/4"}],"replies":[{"embeddable":true,"href":"https:\/\/elzbietanska.pl\/index.php\/wp-json\/wp\/v2\/comments?post=2589"}],"version-history":[{"count":2,"href":"https:\/\/elzbietanska.pl\/index.php\/wp-json\/wp\/v2\/posts\/2589\/revisions"}],"predecessor-version":[{"id":2592,"href":"https:\/\/elzbietanska.pl\/index.php\/wp-json\/wp\/v2\/posts\/2589\/revisions\/2592"}],"wp:featuredmedia":[{"embeddable":true,"href":"https:\/\/elzbietanska.pl\/index.php\/wp-json\/wp\/v2\/media\/2594"}],"wp:attachment":[{"href":"https:\/\/elzbietanska.pl\/index.php\/wp-json\/wp\/v2\/media?parent=2589"}],"wp:term":[{"taxonomy":"category","embeddable":true,"href":"https:\/\/elzbietanska.pl\/index.php\/wp-json\/wp\/v2\/categories?post=2589"},{"taxonomy":"post_tag","embeddable":true,"href":"https:\/\/elzbietanska.pl\/index.php\/wp-json\/wp\/v2\/tags?post=2589"}],"curies":[{"name":"wp","href":"https:\/\/api.w.org\/{rel}","templated":true}]}}