{"id":4592,"date":"2026-04-25T14:21:08","date_gmt":"2026-04-25T12:21:08","guid":{"rendered":"https:\/\/elzbietanska.pl\/?p=4592"},"modified":"2026-08-28T15:37:31","modified_gmt":"2026-08-28T13:37:31","slug":"najblizsze-wydarzenia-w-sierpniu-2026-r","status":"publish","type":"post","link":"https:\/\/elzbietanska.pl\/index.php\/2026\/04\/25\/najblizsze-wydarzenia-w-sierpniu-2026-r\/","title":{"rendered":"NAJBLI\u017bSZE WYDARZENIA W SIERPNIU 2026 r."},"content":{"rendered":"<div>\n<div>\n<div>\n<h1 class=\"header-title font-185623 h3\">Zapraszamy do \u015bledzenia aktualno\u015bci, gdzie pojawi\u0105 si\u0119 szczeg\u00f3\u0142y dotycz\u0105ce wydarze\u0144 planowanych w sierpniu 2026 r.<\/h1>\n<\/div>\n<div>\n<p>3.08 \/ POniedzia\u0142ek\/ godz.18.00<\/p>\n<\/div>\n<div>\n<p>Szlakiem RadUNII Kultury na herbatk\u0119 u Oblat\u00f3w.<\/p>\n<\/div>\n<div>\n<p>Spacer z oprowadzaniem po Starym Mie\u015bcie.<\/p>\n<\/div>\n<div>\n<p>wst\u0119p wolny<\/p>\n<\/div>\n<div>\n<p>5.08 \/ \u015broda \/ godz.19.00<\/p>\n<\/div>\n<div>\n<p>VII Festiwal Letnie Wieczory u Mennonit\u00f3w: MAGIC OF ACCORDION<\/p>\n<\/div>\n<div>\n<p>Wst\u0119p &#8211; Bezp\u0142atna wej\u015bci\u00f3wka &#8211; do odbioru 2h przed koncertem<\/p>\n<\/div>\n<div>\n<p>&nbsp;<\/p>\n<\/div>\n<div>\n<p>7.08 \/ pi\u0105tek \/ godz.19.00<\/p>\n<\/div>\n<div>\n<p>Koncert w ramach \u201cMuzyka w zabytkach starego gda\u0144ska\u201d<\/p>\n<\/div>\n<div>\n<p>wst\u0119p wolny<\/p>\n<\/div>\n<div>\n<p>10.08 \/ POniedzia\u0142ek \/ godz.18.00<\/p>\n<\/div>\n<div>\n<p>Szlakiem RadUNII Kultury na herbatk\u0119 u Oblat\u00f3w.<\/p>\n<\/div>\n<div>\n<p>Spacer z oprowadzaniem po Starym Mie\u015bcie.<\/p>\n<\/div>\n<div>\n<p>wst\u0119p wolny<\/p>\n<\/div>\n<div>\n<p>12.08 \/ \u015broda \/ godz.19.00<\/p>\n<\/div>\n<div>\n<p>VII Festiwal Letnie Wieczory u Mennonit\u00f3w: BEL CANTO NAD MOT\u0141AW\u0104<\/p>\n<\/div>\n<div>\n<p>wst\u0119p &#8211; Bezp\u0142atna wej\u015bci\u00f3wka &#8211; do odbioru 2h przed koncertem<\/p>\n<\/div>\n<div>\n<p>22.08 \/ sobota \/ godz.19.00<\/p>\n<\/div>\n<div>\n<p>VII Festiwal Letnie Wieczory u Mennonit\u00f3w:<\/p>\n<\/div>\n<div>\n<p>NORDYCKIE PIE\u015aNI LODU I OGNIA. GRIEG-SIBELIUS-NIELSEN<\/p>\n<\/div>\n<div>\n<p>wst\u0119p wolny<\/p>\n<\/div>\n<div>\n<p>&nbsp;<\/p>\n<\/div>\n<div>\n<p>&nbsp;<\/p>\n<\/div>\n<div>\n<p>&nbsp;<\/p>\n<\/div>\n<div>\n<p>&nbsp;<\/p>\n<\/div>\n<div>\n<p>&nbsp;<\/p>\n<\/div>\n<\/div>\n<\/div>\n","protected":false},"excerpt":{"rendered":"<p>Zapraszamy do \u015bledzenia aktualno\u015bci, gdzie pojawi\u0105 si\u0119 szczeg\u00f3\u0142y dotycz\u0105ce wydarze\u0144 planowanych w sierpniu 2026 r. 3.08 \/ POniedzia\u0142ek\/ godz.18.00 Szlakiem [&hellip;]<\/p>\n","protected":false},"author":4,"featured_media":4593,"comment_status":"open","ping_status":"open","sticky":false,"template":"","format":"standard","meta":{"footnotes":""},"categories":[1],"tags":[],"class_list":["post-4592","post","type-post","status-publish","format-standard","has-post-thumbnail","hentry","category-aktualnosci"],"_links":{"self":[{"href":"https:\/\/elzbietanska.pl\/index.php\/wp-json\/wp\/v2\/posts\/4592","targetHints":{"allow":["GET"]}}],"collection":[{"href":"https:\/\/elzbietanska.pl\/index.php\/wp-json\/wp\/v2\/posts"}],"about":[{"href":"https:\/\/elzbietanska.pl\/index.php\/wp-json\/wp\/v2\/types\/post"}],"author":[{"embeddable":true,"href":"https:\/\/elzbietanska.pl\/index.php\/wp-json\/wp\/v2\/users\/4"}],"replies":[{"embeddable":true,"href":"https:\/\/elzbietanska.pl\/index.php\/wp-json\/wp\/v2\/comments?post=4592"}],"version-history":[{"count":1,"href":"https:\/\/elzbietanska.pl\/index.php\/wp-json\/wp\/v2\/posts\/4592\/revisions"}],"predecessor-version":[{"id":4594,"href":"https:\/\/elzbietanska.pl\/index.php\/wp-json\/wp\/v2\/posts\/4592\/revisions\/4594"}],"wp:featuredmedia":[{"embeddable":true,"href":"https:\/\/elzbietanska.pl\/index.php\/wp-json\/wp\/v2\/media\/4593"}],"wp:attachment":[{"href":"https:\/\/elzbietanska.pl\/index.php\/wp-json\/wp\/v2\/media?parent=4592"}],"wp:term":[{"taxonomy":"category","embeddable":true,"href":"https:\/\/elzbietanska.pl\/index.php\/wp-json\/wp\/v2\/categories?post=4592"},{"taxonomy":"post_tag","embeddable":true,"href":"https:\/\/elzbietanska.pl\/index.php\/wp-json\/wp\/v2\/tags?post=4592"}],"curies":[{"name":"wp","href":"https:\/\/api.w.org\/{rel}","templated":true}]}}