{"id":4607,"date":"2026-05-07T14:29:33","date_gmt":"2026-05-07T12:29:33","guid":{"rendered":"https:\/\/elzbietanska.pl\/?p=4607"},"modified":"2026-08-11T14:36:51","modified_gmt":"2026-08-11T12:36:51","slug":"wystawa-zbuntowana-generacja-dzieci-solidarnosci-1980-1990","status":"publish","type":"post","link":"https:\/\/elzbietanska.pl\/index.php\/2026\/05\/07\/wystawa-zbuntowana-generacja-dzieci-solidarnosci-1980-1990\/","title":{"rendered":"WYSTAWA: \u201eZbuntowana generacja. Dzieci Solidarno\u015bci 1980\u20131990\u201d."},"content":{"rendered":"<h3>Serdecznie zapraszamy w dniach <strong>11.08 &#8211; 31.08.2026\u00a0<\/strong> do obejrzenia wystawy <strong>\u201eZbuntowana generacja. Dzieci Solidarno\u015bci 1980\u20131990\u201d<\/strong> przygotowan\u0105 przez Instytut Dziedzictwa Solidarno\u015bci, przedstawiaj\u0105cej\u00a0pokolenie m\u0142odych aktywnie wspieraj\u0105cych zachodz\u0105ce w sierpniu 1980 roku zmiany w naszym kraju.\u00a0 Niezale\u017cne organizacje szkolne i studenckie m\u0142odzi zacz\u0119li zak\u0142ada\u0107 po Sierpniu \u201980, ale najwi\u0119cej inicjatyw m\u0142odzie\u017cowych pojawi\u0142o si\u0119 w okresie stanu wojennego oraz w kolejnych latach po jego oficjalnym zawieszeniu. M\u0142odzi kontestowali rzeczywisto\u015b\u0107 Polski Ludowej, wyst\u0119powali przeciwko systemowi. Szeroko czerpali z idei Solidarno\u015bci, akcentowali postawy antykomunistyczne, niepodleg\u0142o\u015bciowe. Wszystkie organizacje m\u0142odzie\u017cowe i studenckie silnie w\u0142\u0105czy\u0142y si\u0119 w walk\u0119 z pa\u0144stwowym monopolem informacji, drukuj\u0105c i kolportuj\u0105c swoj\u0105 niezale\u017cn\u0105 podziemn\u0105 pras\u0119. To oni cz\u0119sto stawali w pierwszych szeregach na manifestacjach, brali na siebie ci\u0119\u017car walki podczas star\u0107 w milicj\u0105.<\/h3>\n<h3>Autorem scenariusza, g\u0142\u00f3wnego tekstu oraz\u00a0 katalogu wystawy\u00a0 jest dr Jan Hlebowicz z Oddzia\u0142owego Biura Bada\u0144 Historycznych Instytutu Pami\u0119ci Narodowej Oddzia\u0142 w Gda\u0144sku.<\/h3>\n<p>&nbsp;<\/p>\n<p>&nbsp;<\/p>\n<p>WYSTAWA CZYNNA\u00a0CODZIENNIE W GODZ. 11.00 &#8211; 19.00<\/p>\n<p>OBLACKIE CENTRUM EDUKACJI I KULTURY ( kru\u017cganki)<\/p>\n<p>WST\u0118P WOLNY<\/p>\n<p>&nbsp;<\/p>\n","protected":false},"excerpt":{"rendered":"<p>Serdecznie zapraszamy w dniach 11.08 &#8211; 31.08.2026\u00a0 do obejrzenia wystawy \u201eZbuntowana generacja. Dzieci Solidarno\u015bci 1980\u20131990\u201d przygotowan\u0105 przez Instytut Dziedzictwa Solidarno\u015bci, [&hellip;]<\/p>\n","protected":false},"author":4,"featured_media":4608,"comment_status":"open","ping_status":"open","sticky":false,"template":"","format":"standard","meta":{"footnotes":""},"categories":[1],"tags":[],"class_list":["post-4607","post","type-post","status-publish","format-standard","has-post-thumbnail","hentry","category-aktualnosci"],"_links":{"self":[{"href":"https:\/\/elzbietanska.pl\/index.php\/wp-json\/wp\/v2\/posts\/4607","targetHints":{"allow":["GET"]}}],"collection":[{"href":"https:\/\/elzbietanska.pl\/index.php\/wp-json\/wp\/v2\/posts"}],"about":[{"href":"https:\/\/elzbietanska.pl\/index.php\/wp-json\/wp\/v2\/types\/post"}],"author":[{"embeddable":true,"href":"https:\/\/elzbietanska.pl\/index.php\/wp-json\/wp\/v2\/users\/4"}],"replies":[{"embeddable":true,"href":"https:\/\/elzbietanska.pl\/index.php\/wp-json\/wp\/v2\/comments?post=4607"}],"version-history":[{"count":2,"href":"https:\/\/elzbietanska.pl\/index.php\/wp-json\/wp\/v2\/posts\/4607\/revisions"}],"predecessor-version":[{"id":4611,"href":"https:\/\/elzbietanska.pl\/index.php\/wp-json\/wp\/v2\/posts\/4607\/revisions\/4611"}],"wp:featuredmedia":[{"embeddable":true,"href":"https:\/\/elzbietanska.pl\/index.php\/wp-json\/wp\/v2\/media\/4608"}],"wp:attachment":[{"href":"https:\/\/elzbietanska.pl\/index.php\/wp-json\/wp\/v2\/media?parent=4607"}],"wp:term":[{"taxonomy":"category","embeddable":true,"href":"https:\/\/elzbietanska.pl\/index.php\/wp-json\/wp\/v2\/categories?post=4607"},{"taxonomy":"post_tag","embeddable":true,"href":"https:\/\/elzbietanska.pl\/index.php\/wp-json\/wp\/v2\/tags?post=4607"}],"curies":[{"name":"wp","href":"https:\/\/api.w.org\/{rel}","templated":true}]}}