{"id":4610,"date":"2026-05-08T14:38:29","date_gmt":"2026-05-08T12:38:29","guid":{"rendered":"https:\/\/elzbietanska.pl\/?p=4610"},"modified":"2026-08-28T15:41:17","modified_gmt":"2026-08-28T13:41:17","slug":"najblizsze-wydarzenia-we-wrzesniu-2026-r","status":"publish","type":"post","link":"https:\/\/elzbietanska.pl\/index.php\/2026\/05\/08\/najblizsze-wydarzenia-we-wrzesniu-2026-r\/","title":{"rendered":"NAJBLI\u017bSZE WYDARZENIA WE WRZE\u015aNIU 2026 r."},"content":{"rendered":"<h1 class=\"header-title font-185623 h3\">Zapraszamy do \u015bledzenia aktualno\u015bci, gdzie pojawi\u0105 si\u0119 szczeg\u00f3\u0142y dotycz\u0105ce wydarze\u0144 planowanych we wrze\u015bniu 2026 r.<\/h1>\n<div>\n<div>\n<p><strong>19.09<\/strong> \/sobota \/ godz. 19.00<\/p>\n<\/div>\n<div>\n<p>Koncert zespo\u0142u Les Femmes: Sacrum w Operze<\/p>\n<\/div>\n<div>\n<p>WST\u0118P WOLNY<\/p>\n<\/div>\n<div>\n<p><strong>20.09<\/strong> \/ niedziela \/ godz.16.00<\/p>\n<\/div>\n<div>\n<p>Gda\u0144ski Salon Kulturalny : Wsp\u00f3lne brzmienia &#8221; Od Mozarta do Piazzolli&#8221;.<\/p>\n<\/div>\n<div>\n<p>WST\u0118P WOLNY<\/p>\n<\/div>\n<div>\n<p><strong>28.09<\/strong> \/ poniedzia\u0142ek \/ godz. 18.00<\/p>\n<\/div>\n<div>\n<p>Dialogi przy El\u017cbieta\u0144skiej: Apokalipsa &#8211; katastrofa czy nadzieja?<\/p>\n<\/div>\n<div>\n<p>WST\u0118P WOLNY<\/p>\n<\/div>\n<div>\n<p><strong>30.09<\/strong> \/ \u015broda \/ godz.17.00<\/p>\n<\/div>\n<div>\n<p>Literacka \u015aroda Kresowiak\u00f3w<\/p>\n<\/div>\n<div>\n<p>WST\u0118P WOLNY<\/p>\n<\/div>\n<div>\n<p>&nbsp;<\/p>\n<\/div>\n<div>\n<p>&nbsp;<\/p>\n<\/div>\n<div>\n<p>&nbsp;<\/p>\n<\/div>\n<div>\n<p>&nbsp;<\/p>\n<\/div>\n<div>\n<p>&nbsp;<\/p>\n<\/div>\n<\/div>\n","protected":false},"excerpt":{"rendered":"<p>Zapraszamy do \u015bledzenia aktualno\u015bci, gdzie pojawi\u0105 si\u0119 szczeg\u00f3\u0142y dotycz\u0105ce wydarze\u0144 planowanych we wrze\u015bniu 2026 r. 19.09 \/sobota \/ godz. 19.00 [&hellip;]<\/p>\n","protected":false},"author":4,"featured_media":4613,"comment_status":"open","ping_status":"open","sticky":false,"template":"","format":"standard","meta":{"footnotes":""},"categories":[1],"tags":[],"class_list":["post-4610","post","type-post","status-publish","format-standard","has-post-thumbnail","hentry","category-aktualnosci"],"_links":{"self":[{"href":"https:\/\/elzbietanska.pl\/index.php\/wp-json\/wp\/v2\/posts\/4610","targetHints":{"allow":["GET"]}}],"collection":[{"href":"https:\/\/elzbietanska.pl\/index.php\/wp-json\/wp\/v2\/posts"}],"about":[{"href":"https:\/\/elzbietanska.pl\/index.php\/wp-json\/wp\/v2\/types\/post"}],"author":[{"embeddable":true,"href":"https:\/\/elzbietanska.pl\/index.php\/wp-json\/wp\/v2\/users\/4"}],"replies":[{"embeddable":true,"href":"https:\/\/elzbietanska.pl\/index.php\/wp-json\/wp\/v2\/comments?post=4610"}],"version-history":[{"count":3,"href":"https:\/\/elzbietanska.pl\/index.php\/wp-json\/wp\/v2\/posts\/4610\/revisions"}],"predecessor-version":[{"id":4620,"href":"https:\/\/elzbietanska.pl\/index.php\/wp-json\/wp\/v2\/posts\/4610\/revisions\/4620"}],"wp:featuredmedia":[{"embeddable":true,"href":"https:\/\/elzbietanska.pl\/index.php\/wp-json\/wp\/v2\/media\/4613"}],"wp:attachment":[{"href":"https:\/\/elzbietanska.pl\/index.php\/wp-json\/wp\/v2\/media?parent=4610"}],"wp:term":[{"taxonomy":"category","embeddable":true,"href":"https:\/\/elzbietanska.pl\/index.php\/wp-json\/wp\/v2\/categories?post=4610"},{"taxonomy":"post_tag","embeddable":true,"href":"https:\/\/elzbietanska.pl\/index.php\/wp-json\/wp\/v2\/tags?post=4610"}],"curies":[{"name":"wp","href":"https:\/\/api.w.org\/{rel}","templated":true}]}}